{"id":2318,"date":"2016-01-25T09:41:43","date_gmt":"2016-01-25T08:41:43","guid":{"rendered":"http:\/\/www.huskvarna-javisst.se\/?p=2318"},"modified":"2016-02-01T17:55:57","modified_gmt":"2016-02-01T16:55:57","slug":"har-borjar-en-ny-serie-om-vara-gator-har-du-nagot-intressantkul-att-beratta-fran-dar-du-bor-skriv-till-oss-infohuskvarna-javisst-se","status":"publish","type":"post","link":"https:\/\/huskvarna-javisst.se\/?p=2318","title":{"rendered":"HUSKVARNAV\u00c4GEN"},"content":{"rendered":"<p class=\"p1\"><span class=\"s1\">Trakten kring syd\u00f6stra V\u00e4ttern har historiska anor sedan inlandsisen f\u00f6rsvann f\u00f6r cirka 10.000 \u00e5r sedan. H\u00e4r har j\u00e4gare passerat som kom via \u00e4lvarna fr\u00e5n v\u00e4sterhavet. H\u00e4r har kungar \u00e5kt p\u00e5 eriksgata. H\u00e4r har krig utk\u00e4mpats om kungamakten under Sveriges bildande. H\u00e4r har unik industrihistoria skapats som spritt k\u00e4nnedom om trakten \u00f6ver n\u00e4stan hela v\u00e4rlden. H\u00e4r lever vi idag under osedvanligt goda f\u00f6rh\u00e5llanden.<\/span><\/p>\n<p class=\"p1\"><span class=\"s1\">Huskvarna blev stad 1911 och inf\u00f6rlivades med J\u00f6nk\u00f6pings storkommun 1971.<\/span><\/p>\n<p class=\"p1\"><span class=\"s1\">Huskvarnas historia \u00e4r omfattande och intressant, inte minst ur ett industriellt perspektiv. Husqvarna AB har anor p\u00e5 orten fr\u00e5n tidigt 1680-tal.<br \/>\n<a href=\"http:\/\/www.huskvarna-javisst.se\/wp-content\/uploads\/2016\/01\/Ska\u00cc\u02c6rmavbild-2016-01-14-kl.-11.13.12.png\"><img loading=\"lazy\" class=\"aligncenter size-full wp-image-2319\" src=\"http:\/\/www.huskvarna-javisst.se\/wp-content\/uploads\/2016\/01\/Ska\u00cc\u02c6rmavbild-2016-01-14-kl.-11.13.12.png\" alt=\"Ska\u00cc\u02c6rmavbild 2016-01-14 kl. 11.13.12\" width=\"960\" height=\"496\" \/><\/a><\/span><\/p>\n","protected":false},"excerpt":{"rendered":"<p>Trakten kring syd\u00f6stra V\u00e4ttern har historiska anor sedan inlandsisen f\u00f6rsvann f\u00f6r cirka 10.000 \u00e5r sedan. H\u00e4r har j\u00e4gare passerat som kom via \u00e4lvarna fr\u00e5n v\u00e4sterhavet. H\u00e4r har kungar \u00e5kt p\u00e5 eriksgata. H\u00e4r har krig utk\u00e4mpats om kungamakten under Sveriges bildande. &hellip; <a href=\"https:\/\/huskvarna-javisst.se\/?p=2318\">Forts\u00e4tt l\u00e4sa <span class=\"meta-nav\">&rarr;<\/span><\/a><\/p>\n","protected":false},"author":2,"featured_media":0,"comment_status":"closed","ping_status":"open","sticky":false,"template":"","format":"standard","meta":[],"categories":[1],"tags":[],"_links":{"self":[{"href":"https:\/\/huskvarna-javisst.se\/index.php?rest_route=\/wp\/v2\/posts\/2318"}],"collection":[{"href":"https:\/\/huskvarna-javisst.se\/index.php?rest_route=\/wp\/v2\/posts"}],"about":[{"href":"https:\/\/huskvarna-javisst.se\/index.php?rest_route=\/wp\/v2\/types\/post"}],"author":[{"embeddable":true,"href":"https:\/\/huskvarna-javisst.se\/index.php?rest_route=\/wp\/v2\/users\/2"}],"replies":[{"embeddable":true,"href":"https:\/\/huskvarna-javisst.se\/index.php?rest_route=%2Fwp%2Fv2%2Fcomments&post=2318"}],"version-history":[{"count":8,"href":"https:\/\/huskvarna-javisst.se\/index.php?rest_route=\/wp\/v2\/posts\/2318\/revisions"}],"predecessor-version":[{"id":2350,"href":"https:\/\/huskvarna-javisst.se\/index.php?rest_route=\/wp\/v2\/posts\/2318\/revisions\/2350"}],"wp:attachment":[{"href":"https:\/\/huskvarna-javisst.se\/index.php?rest_route=%2Fwp%2Fv2%2Fmedia&parent=2318"}],"wp:term":[{"taxonomy":"category","embeddable":true,"href":"https:\/\/huskvarna-javisst.se\/index.php?rest_route=%2Fwp%2Fv2%2Fcategories&post=2318"},{"taxonomy":"post_tag","embeddable":true,"href":"https:\/\/huskvarna-javisst.se\/index.php?rest_route=%2Fwp%2Fv2%2Ftags&post=2318"}],"curies":[{"name":"wp","href":"https:\/\/api.w.org\/{rel}","templated":true}]}}