{"id":2351,"date":"2016-01-28T18:15:29","date_gmt":"2016-01-28T17:15:29","guid":{"rendered":"http:\/\/www.huskvarna-javisst.se\/?p=2351"},"modified":"2016-02-01T18:21:01","modified_gmt":"2016-02-01T17:21:01","slug":"engelbrektsgatan","status":"publish","type":"post","link":"https:\/\/huskvarna-javisst.se\/?p=2351","title":{"rendered":"ENGELBREKTSGATAN"},"content":{"rendered":"<p class=\"p1\"><span class=\"s1\">Gatan \u00e4r uppkallad efter Engelbrekt Engelbrektsson som var av tysk sl\u00e4kt och som f\u00f6ddes p\u00e5 1390-talet.\u00a0<\/span><\/p>\n<p class=\"p1\"><span class=\"s1\">Engelbrekt ledde det s.k. Engelbrektsupproret (1434-) mot unionskungen Erik av Pommern. \u00a0Under upproret intogs bl.a. Rumlaborg i Huskvarna av en medhj\u00e4lpare till Engelbrekt, Herman Berman. <\/span><\/p>\n<p class=\"p1\"><span class=\"s1\">Orsaken till upproret var bl.a. v\u00e4xande skattetryck och h\u00e5rt fogdev\u00e4lde.<br \/>\n<\/span><span class=\"s1\">Engelbrekts storhet bestod i att han kunde samla hela nationens krafter kring sig och leda kampen mot fr\u00e4mmande f\u00f6rtryck. Vid Arbogam\u00f6tet 1435 (f\u00f6rut ansett som Sveriges f\u00f6rsta riksdag) uts\u00e5g man honom till riksh\u00f6vitsman och r\u00e5dsherre. Efter en uppg\u00f6relse med kungen avslutades upproret, men d\u00e5 kungen svek sina l\u00f6ften inleddes ett nytt uppror 1436. Samma \u00e5r m\u00f6rdades Engelbrekt p\u00e5 en holme i Hj\u00e4lmaren av Magnus Bengtsson Natt och Dag.<a href=\"http:\/\/www.huskvarna-javisst.se\/wp-content\/uploads\/2016\/02\/Ska\u00cc\u02c6rmavbild-2016-02-01-kl.-18.19.54.png\"><img loading=\"lazy\" class=\"aligncenter size-large wp-image-2352\" src=\"http:\/\/www.huskvarna-javisst.se\/wp-content\/uploads\/2016\/02\/Ska\u00cc\u02c6rmavbild-2016-02-01-kl.-18.19.54-1024x214.png\" alt=\"Ska\u00cc\u02c6rmavbild 2016-02-01 kl. 18.19.54\" width=\"640\" height=\"134\" \/><\/a><\/span><\/p>\n","protected":false},"excerpt":{"rendered":"<p>Gatan \u00e4r uppkallad efter Engelbrekt Engelbrektsson som var av tysk sl\u00e4kt och som f\u00f6ddes p\u00e5 1390-talet.\u00a0 Engelbrekt ledde det s.k. Engelbrektsupproret (1434-) mot unionskungen Erik av Pommern. \u00a0Under upproret intogs bl.a. Rumlaborg i Huskvarna av en medhj\u00e4lpare till Engelbrekt, Herman &hellip; <a href=\"https:\/\/huskvarna-javisst.se\/?p=2351\">Forts\u00e4tt l\u00e4sa <span class=\"meta-nav\">&rarr;<\/span><\/a><\/p>\n","protected":false},"author":2,"featured_media":0,"comment_status":"closed","ping_status":"open","sticky":false,"template":"","format":"standard","meta":[],"categories":[1],"tags":[],"_links":{"self":[{"href":"https:\/\/huskvarna-javisst.se\/index.php?rest_route=\/wp\/v2\/posts\/2351"}],"collection":[{"href":"https:\/\/huskvarna-javisst.se\/index.php?rest_route=\/wp\/v2\/posts"}],"about":[{"href":"https:\/\/huskvarna-javisst.se\/index.php?rest_route=\/wp\/v2\/types\/post"}],"author":[{"embeddable":true,"href":"https:\/\/huskvarna-javisst.se\/index.php?rest_route=\/wp\/v2\/users\/2"}],"replies":[{"embeddable":true,"href":"https:\/\/huskvarna-javisst.se\/index.php?rest_route=%2Fwp%2Fv2%2Fcomments&post=2351"}],"version-history":[{"count":1,"href":"https:\/\/huskvarna-javisst.se\/index.php?rest_route=\/wp\/v2\/posts\/2351\/revisions"}],"predecessor-version":[{"id":2353,"href":"https:\/\/huskvarna-javisst.se\/index.php?rest_route=\/wp\/v2\/posts\/2351\/revisions\/2353"}],"wp:attachment":[{"href":"https:\/\/huskvarna-javisst.se\/index.php?rest_route=%2Fwp%2Fv2%2Fmedia&parent=2351"}],"wp:term":[{"taxonomy":"category","embeddable":true,"href":"https:\/\/huskvarna-javisst.se\/index.php?rest_route=%2Fwp%2Fv2%2Fcategories&post=2351"},{"taxonomy":"post_tag","embeddable":true,"href":"https:\/\/huskvarna-javisst.se\/index.php?rest_route=%2Fwp%2Fv2%2Ftags&post=2351"}],"curies":[{"name":"wp","href":"https:\/\/api.w.org\/{rel}","templated":true}]}}