{"id":5450,"date":"2022-03-23T10:25:13","date_gmt":"2022-03-23T09:25:13","guid":{"rendered":"https:\/\/huskvarna-javisst.se\/?p=5450"},"modified":"2022-03-24T12:49:47","modified_gmt":"2022-03-24T11:49:47","slug":"konsten-i-gamla-stadshuset-dokumenterad","status":"publish","type":"post","link":"https:\/\/huskvarna-javisst.se\/?p=5450","title":{"rendered":"Konsten i Huskvarna gamla stadshus \u00e4r nu dokumenterad."},"content":{"rendered":"<p><a href=\"http:\/\/huskvarna-javisst.se\/wp-content\/uploads\/2022\/02\/stadsh-huskvarna.png\"><img loading=\"lazy\" class=\"size-medium wp-image-5456 alignleft\" src=\"http:\/\/huskvarna-javisst.se\/wp-content\/uploads\/2022\/02\/stadsh-huskvarna-300x280.png\" alt=\"\" width=\"300\" height=\"280\" srcset=\"https:\/\/huskvarna-javisst.se\/wp-content\/uploads\/2022\/02\/stadsh-huskvarna-300x280.png 300w, https:\/\/huskvarna-javisst.se\/wp-content\/uploads\/2022\/02\/stadsh-huskvarna.png 734w\" sizes=\"(max-width: 300px) 100vw, 300px\" \/><\/a><\/p>\n<p>Konsten och utsmyckningen i gamla stadshuset \u00e4r dokumenterad.<\/p>\n<p>Research &amp; text: Thomas Ahlebro<br \/>\nFoto: Thomas Ahlebro Kerstin Eriksson Margareta Olsson<\/p>\n<p>Klicka p\u00e5 L\u00e4nken f\u00f6r att se hela dokumentet: <a href=\"http:\/\/huskvarna-javisst.se\/wp-content\/uploads\/2022\/02\/konsten-i-gamla-stadshuset-ko.pdf\">Konsten-i-gamla-stadshuset-&gt;&gt;<\/a><\/p>\n<p>&nbsp;<\/p>\n","protected":false},"excerpt":{"rendered":"<p>Konsten och utsmyckningen i gamla stadshuset \u00e4r dokumenterad. Research &amp; text: Thomas Ahlebro Foto: Thomas Ahlebro Kerstin Eriksson Margareta Olsson Klicka p\u00e5 L\u00e4nken f\u00f6r att se hela dokumentet: Konsten-i-gamla-stadshuset-&gt;&gt; &nbsp;<\/p>\n","protected":false},"author":11,"featured_media":0,"comment_status":"closed","ping_status":"open","sticky":false,"template":"","format":"standard","meta":[],"categories":[1],"tags":[],"_links":{"self":[{"href":"https:\/\/huskvarna-javisst.se\/index.php?rest_route=\/wp\/v2\/posts\/5450"}],"collection":[{"href":"https:\/\/huskvarna-javisst.se\/index.php?rest_route=\/wp\/v2\/posts"}],"about":[{"href":"https:\/\/huskvarna-javisst.se\/index.php?rest_route=\/wp\/v2\/types\/post"}],"author":[{"embeddable":true,"href":"https:\/\/huskvarna-javisst.se\/index.php?rest_route=\/wp\/v2\/users\/11"}],"replies":[{"embeddable":true,"href":"https:\/\/huskvarna-javisst.se\/index.php?rest_route=%2Fwp%2Fv2%2Fcomments&post=5450"}],"version-history":[{"count":8,"href":"https:\/\/huskvarna-javisst.se\/index.php?rest_route=\/wp\/v2\/posts\/5450\/revisions"}],"predecessor-version":[{"id":5469,"href":"https:\/\/huskvarna-javisst.se\/index.php?rest_route=\/wp\/v2\/posts\/5450\/revisions\/5469"}],"wp:attachment":[{"href":"https:\/\/huskvarna-javisst.se\/index.php?rest_route=%2Fwp%2Fv2%2Fmedia&parent=5450"}],"wp:term":[{"taxonomy":"category","embeddable":true,"href":"https:\/\/huskvarna-javisst.se\/index.php?rest_route=%2Fwp%2Fv2%2Fcategories&post=5450"},{"taxonomy":"post_tag","embeddable":true,"href":"https:\/\/huskvarna-javisst.se\/index.php?rest_route=%2Fwp%2Fv2%2Ftags&post=5450"}],"curies":[{"name":"wp","href":"https:\/\/api.w.org\/{rel}","templated":true}]}}